{"id":351,"date":"2023-04-25T09:48:19","date_gmt":"2023-04-25T09:48:19","guid":{"rendered":"https:\/\/deltas.si\/?p=351"},"modified":"2023-04-25T11:15:15","modified_gmt":"2023-04-25T11:15:15","slug":"dz-potrdil-podrobnejse-belezenje-evidenc-delovnega-casa","status":"publish","type":"post","link":"https:\/\/deltas.si\/index.php\/2023\/04\/25\/dz-potrdil-podrobnejse-belezenje-evidenc-delovnega-casa\/","title":{"rendered":"DZ potrdil podrobnej\u0161e bele\u017eenje evidenc delovnega \u010dasa"},"content":{"rendered":"\n<p class=\"wp-block-paragraph\">Ljubljana, 21. aprila (STA) &#8211; DZ je danes z 52 glasovi za in 16 proti potrdil novelo zakona o evidencah na podro\u010dju dela in socialne varnosti, ki predvideva bele\u017eenje dodatnih podatkov o delovnem \u010dasu in uvaja obvezne elektronske evidence za kr\u0161itelje. Izjem od evidenc ni. Opozicija je re\u0161itve zavrnila, saj da vna\u0161ajo zmedo in prina\u0161ajo dodatno birokracijo.<\/p>\n\n\n\n<p class=\"wp-block-paragraph\">Na ministrstvu za delo so ob sprejemanju novele poudarili, da je k spremembam zaradi \u0161tevilnih kr\u0161itev, povezanih z delovnim \u010dasom, \u017ee vrsto let pozival In\u0161pektorat RS za delo ter da so bile re\u0161itve usklajene s socialnimi partnerji.<\/p>\n\n\n\n<p class=\"wp-block-paragraph\">Pod\u010drtali so, da je vodenje evidenc delovnega \u010dasa na dnevni ravni obvezno \u017ee zdaj, in sicer v obliki \u0161tevila opravljenih delovnih ur, po novem pa bo treba bele\u017eiti \u0161e podrobnej\u0161e podatke, in sicer \u010das prihoda in odhoda z dela, izrabo odmora, ure v posebnih pogojih in v neenakomerno razporejenem delovnem \u010dasu ipd. Voditi jih bo treba pisno ali elektronsko, elektronsko bele\u017eenje bo obvezno le za kr\u0161itelje delovne zakonodaje.<\/p>\n\n\n\n<p class=\"wp-block-paragraph\">Prav tako sta med novimi ukrepi obveznost delodajalca, da delavca pisno obvesti o podatkih iz evidence o izrabi delovnega \u010dasa za pretekli mesec in pravica delavca, da od delodajalca enkrat tedensko zahteva, da ga pisno seznani s podatki iz evidence o izrabi delovnega \u010dasa.<\/p>\n\n\n\n<p class=\"wp-block-paragraph\">Nova je \u0161e opredelitev delavca &#8211; to je vsakdo, ki na pravni podlagi opravlja delo pri delodajalcu, \u010de ga opravlja osebno in je vklju\u010den v delovni proces delodajalca ali prete\u017eno uporablja sredstva za opravljanje dela, ki so del delovnega procesa uporabnika.<\/p>\n\n\n\n<p class=\"wp-block-paragraph\">Potem ko je pristojni odbor DZ sprejel dopolnilo, ki je kot izjemo pri evidentiranju delovnega \u010dasa uvedlo visoko\u0161olske u\u010ditelje in raziskovalce, kar je razburilo delodajalce in opozicijo, je bil danes sprejet amandma, s katerim je bila ta izjema \u010drtana. Dolo\u010dene obveznosti, denimo obveznost in vsebino bele\u017eenja delovnega \u010dasa, lahko druga\u010de uredi podro\u010dna zakonodaja, v primeru visoko\u0161olskega oz. raziskovalnega podro\u010dja zakon o visokem \u0161olstvu, so navedli na ministrstvu za delo.<\/p>\n\n\n\n<p class=\"wp-block-paragraph\">&#8220;Evidenca o izrabi delovnega \u010dasa ni namenjena zgolj potrebi obra\u010duna pla\u010d, kot je pogosto raz\u0161irjeno mnenje med delodajalci, temve\u010d je zelo pomembna z vidika pravilnega zagotavljanja delovnopravnih pravic s podro\u010dja delovnega \u010dasa, odmorov in po\u010ditkov. V zvezi s tem pa je treba \u0161e posebej poudariti vidik, ki se ga pogosto pozablja, to je vidik varnosti in zdravja pri delu, ki je temelj ureditve organiziranosti delovnega \u010dasa,&#8221; so pod\u010drtali na ministrstvu za delo.<\/p>\n\n\n\n<p class=\"wp-block-paragraph\">Spremembe zakona po njihovih zagotovilih ne omejujejo fleksibilnosti dela, kar je bil pogost o\u010ditek noveli. &#8220;Mo\u017ena fleksibilnost glede organizacije delovnega \u010dasa pa je \u0161e posebej poudarjena ravno pri delavcih, ki delo opravljajo na domu. Namre\u010d tovrstni delavci imajo lahko urejen delovni \u010das, no\u010dno delo, odmor, dnevni in tedenski po\u010ditek druga\u010de, \u010de delovnega \u010dasa ni mogo\u010de vnaprej razporediti oziroma \u010de si delavec lahko razporeja delovni \u010das samostojno in \u010de sta mu zagotovljena varnost in zdravje pri delu,&#8221; so navedli.<\/p>\n\n\n\n<p class=\"wp-block-paragraph\">Koalicija je bila v zakonodajnem postopku noveli naklonjena. \u0160e najve\u010d pomislekov so imeli v SD, kjer so se zavzeli za preu\u010ditev posledic re\u0161itev novele, ki se nana\u0161ajo na raznolikost oblik zaposlitve in delovnih procesov. V opoziciji pa so opozorili, da se dolo\u010dene ureditve znotraj zakona podvajajo, saj so urejene \u017ee v nekaterih drugih podro\u010dnih zakonih, kar da vna\u0161a zmedo v \u017ee obstoje\u010d sistem, ter, da se zaradi posameznih kr\u0161iteljev dodatne administrativne ovire nalaga vsem delodajalcem.<\/p>\n\n\n\n<p class=\"wp-block-paragraph\">Vir:&nbsp;<a href=\"https:\/\/www.tax-fin-lex.si\/Home\/Novica\/26376\">Tax-Fin-Lex &gt;&gt;<\/a><\/p>\n","protected":false},"excerpt":{"rendered":"<p>Ljubljana, 21. aprila (STA) &#8211; DZ je danes z 52 glasovi za in 16 proti potrdil novelo zakona o evidencah na podro\u010dju dela in socialne varnosti, ki predvideva bele\u017eenje dodatnih podatkov o delovnem \u010dasu in uvaja obvezne elektronske evidence za kr\u0161itelje. Izjem od evidenc ni. Opozicija je re\u0161itve zavrnila, saj da vna\u0161ajo zmedo in prina\u0161ajo [&hellip;]<\/p>\n","protected":false},"author":1,"featured_media":0,"comment_status":"closed","ping_status":"closed","sticky":false,"template":"","format":"standard","meta":{"footnotes":""},"categories":[1],"tags":[],"class_list":["post-351","post","type-post","status-publish","format-standard","hentry","category-novice"],"_links":{"self":[{"href":"https:\/\/deltas.si\/index.php\/wp-json\/wp\/v2\/posts\/351","targetHints":{"allow":["GET"]}}],"collection":[{"href":"https:\/\/deltas.si\/index.php\/wp-json\/wp\/v2\/posts"}],"about":[{"href":"https:\/\/deltas.si\/index.php\/wp-json\/wp\/v2\/types\/post"}],"author":[{"embeddable":true,"href":"https:\/\/deltas.si\/index.php\/wp-json\/wp\/v2\/users\/1"}],"replies":[{"embeddable":true,"href":"https:\/\/deltas.si\/index.php\/wp-json\/wp\/v2\/comments?post=351"}],"version-history":[{"count":1,"href":"https:\/\/deltas.si\/index.php\/wp-json\/wp\/v2\/posts\/351\/revisions"}],"predecessor-version":[{"id":352,"href":"https:\/\/deltas.si\/index.php\/wp-json\/wp\/v2\/posts\/351\/revisions\/352"}],"wp:attachment":[{"href":"https:\/\/deltas.si\/index.php\/wp-json\/wp\/v2\/media?parent=351"}],"wp:term":[{"taxonomy":"category","embeddable":true,"href":"https:\/\/deltas.si\/index.php\/wp-json\/wp\/v2\/categories?post=351"},{"taxonomy":"post_tag","embeddable":true,"href":"https:\/\/deltas.si\/index.php\/wp-json\/wp\/v2\/tags?post=351"}],"curies":[{"name":"wp","href":"https:\/\/api.w.org\/{rel}","templated":true}]}}